{"id":9965,"date":"2026-09-01T08:35:26","date_gmt":"2026-09-01T08:35:26","guid":{"rendered":"https:\/\/erbilisitma.com\/?p=9965"},"modified":"2026-09-01T08:37:11","modified_gmt":"2026-09-01T08:37:11","slug":"a-carreira-e-a-familia-de-julia-caceres-monteiro","status":"publish","type":"post","link":"https:\/\/erbilisitma.com\/?p=9965","title":{"rendered":"A carreira e a Fam\u00edlia de J\u00falia C\u00e1ceres Monteiro van Zeller Palha"},"content":{"rendered":"<h1>A carreira e a Fam\u00edlia de J\u00falia C\u00e1ceres Monteiro van Zeller Palha<\/h1>\n<p>Raras jovens atrizes da sua gera\u00e7\u00e3o re\u00fanem de forma harmoniosa a moda e a representa\u00e7\u00e3o como a jovem. Vinda ao mundo em 1998, ainda menina alternou as sess\u00f5es e os sets. Aqui reunimos o fundamental da sua hist\u00f3ria dentro e fora do ecr\u00e3. Durante da leitura, vamos percorrer todos os cap\u00edtulos da sua hist\u00f3ria.<\/p>\n<h2>A carreira nua de vaidades<\/h2>\n<p>Longe do brilho, o come\u00e7o mostrou-se de esfor\u00e7o desde a inf\u00e2ncia. A J\u00falia Palha come\u00e7ou a carreira de modelo ainda na inf\u00e2ncia, muito antes da fama. A autenticidade sempre foi o seu tra\u00e7o, nos palcos assim como fora dele. Tal coer\u00eancia rendeu-lhe a confian\u00e7a de quem trabalha com ela. Aqueles que a conhecem reconhecem que para al\u00e9m da apar\u00eancia esconde-se uma trabalhadora exigente.<\/p>\n<h2>A boda numa quinta encantadora<\/h2>\n<p>A boda foi um cap\u00edtulos mais falados do seu percurso. A cerim\u00f3nia realizou-se na propriedade da fam\u00edlia, num ambiente reservado. Sabe-se que a mesa impressionou os presentes, atrav\u00e9s de escolhas tais como:<\/p>\n<ul>\n<li>Marisco nobre de entrada<\/li>\n<li>Peixe fresco do dia<\/li>\n<li>Do\u00e7aria tradicionais<\/li>\n<li>Vinhos da regi\u00e3o<\/li>\n<\/ul>\n<h2>A m\u00e3e e os valores familiares<\/h2>\n<p>Foi da m\u00e3e que herdou os princ\u00edpios marcaram a postura. Numa fam\u00edlia de tradi\u00e7\u00f5es, as liga\u00e7\u00f5es invariavelmente pesaram. Comenta-se que a reserva prov\u00e9m desta educa\u00e7\u00e3o, e eis porque a jovem quase nunca exp\u00f5e a vida privada. As ra\u00edzes que a fam\u00edlia semeou mant\u00eam-se bem vivos.<\/p>\n<h2>O homem que se tornou marido da atriz<\/h2>\n<p>Como se sabe, o romance nasceu longe dos holofotes. Quem \u00e9 o marido de J\u00falia Palha, o piloto Frederico Por\u00e9m Murta, pr\u00f3ximo ao automobilismo. Juntos, mant\u00eam um par discreto e c\u00famplice. Afastados dos holofotes, preferem viver um dia a dia simples. Vale recordar que ambos evoluiu de namorados ao casamento, numa cumplicidade s\u00f3lida desde cedo.<\/p>\n<h2>Uma fam\u00edlia de sangue azul, os van Zeller<\/h2>\n<p>Um dos elementos mais comentados da sua origem \u00e9a origem. O nome van Zeller remete para uma dinastia antiga gera fasc\u00ednio. \u00c9 natural que a uni\u00e3o de antigas casas marque essa reputa\u00e7\u00e3o de distin\u00e7\u00e3o, se bem que ela viva sem ostenta\u00e7\u00e3o. Apesar da grandeza do nome, revela-se pr\u00f3xima de quem a segue. <\/p>\n<h2>O namorado que conquistou a atriz<\/h2>\n<p>A rela\u00e7\u00e3o que acompanhou esta fase teve diversas fases. O namorado de ent\u00e3o acabaria noivo protagonizaram uma das hist\u00f3rias seguidas pelo p\u00fablico. De forma resumida, a evolu\u00e7\u00e3o pode contar-se por fases, etapa a etapa:<\/p>\n<ol>\n<li>Os primeiros encontros como namorados<\/li>\n<li>A consolida\u00e7\u00e3o do compromisso<\/li>\n<li>O pedido de casamento na Feria de Jerez<\/li>\n<li>O casamento que coroou tudo<\/li>\n<\/ol>\n<h2>Afinal, qual a idade de J\u00falia Palha<\/h2>\n<p>Uma curiosidades frequentemente pesquisadas online diz respeito \u00e0 sua data de nascimento. A idade de J\u00falia Palha, nascida a 30 de outubro de 1998, dado que a coloca entre uma das caras mais em destaque. Conv\u00e9m recordar, a idade em nada limitou uma carreira rapidamente consolidada. Muito pelo contr\u00e1rio, come\u00e7ou em crian\u00e7a e jamais deixou de crescer. A cada trabalho, reuniu maturidade, afirmando-se um nome seguro do meio.<\/p>\n<h2>Sess\u00f5es de biqu\u00edni onde as mamas brilham<\/h2>\n<p>No decurso da trajet\u00f3ria na moda, foi rosto de campanhas de forte proje\u00e7\u00e3o. A atriz e modelo J\u00falia Palha em sess\u00f5es de lingerie e biqu\u00edni cimentaram a sua imagem. De acordo com o setor, grandes marcas do calibre de Intimissimi e Calzedonia aparecem no seu portef\u00f3lio. Tais campanhas serviram para refor\u00e7ar o seu nome no setor, consagrando-a uma caras mais reconhecidas do panorama. <\/p>\n<h2>Os irm\u00e3os e a discreta vida familiar<\/h2>\n<p>Frequentemente se comenta sobre a composi\u00e7\u00e3o da fam\u00edlia. Os irm\u00e3os da atriz surgem raramente partilham a mesma reserva que define o cl\u00e3. Comenta-se sobre uma g\u00e9mea, pormenor que inspira especula\u00e7\u00e3o, embora a atriz preserve esses la\u00e7os \u00e0 margem. A seu ver, a privacidade dos seus vale mais do que a fama. <\/p>\n<h2>O momento em que se tornou noiva<\/h2>\n<p>Raros epis\u00f3dios tornaram-se t\u00e3o comentados. Foi na Feria de Jerez que surgiu o pedido, num ambiente especial cheio de simbolismo. A cena depressa correu \u00e0s revistas, consagrando-a a futura noiva mais comentada.<\/p>\n<p>Quem deseja saber tudo sobre este enlace que dominou as revistas, vale a pena consultar a fonte onde se pode <a href=\"https:\/\/znaki.fm\/pt\/persons\/julia-palha\/\">J\u00falia C\u00e1ceres Monteiro van Zeller Palha como atriz de novelas<\/a> de forma pr\u00e1tica.<\/p>\n<h2>Meio milh\u00e3o de seguidores no Instagram<\/h2>\n<p>No presente, o contacto com os f\u00e3s estabelece-se pelo digital. A conta de Instagram re\u00fane meio milh\u00e3o de seguidores constitui uma janela do seu quotidiano, na qual cada imagem desperta interesse imediatos. Nesse espa\u00e7o mostra imagens a registos pessoais. Diz-se que ter\u00e1 chegado a assinar textos com um nome fict\u00edcio, mostrando uma dimens\u00e3o criativo. Esse pormenor raramente exposto surpreende os seguidores. No meio de publica\u00e7\u00f5es de trabalho, revela sempre um sinal da pessoa por tr\u00e1s da personagem.<\/p>\n<p>No pequeno ecr\u00e3, somou personagens marcantes. As produ\u00e7\u00f5es que marcaram a sua carreira mostraram uma versatilidade de representa\u00e7\u00e3o. Do romance ao tom mais s\u00e9rio, provou consegue ir bem para al\u00e9m da moda.<\/p>\n<p>Em s\u00edntese, a atriz consolidou-se enquanto uma caras admiradas do pa\u00eds. Aliando a lingerie, a televis\u00e3o e um percurso de discri\u00e7\u00e3o, a sua carreira segue a crescer.<\/p>\n","protected":false},"excerpt":{"rendered":"A carreira e a Fam\u00edlia de J\u00falia C\u00e1ceres Monteiro van Zeller Palha Raras jovens atrizes da sua gera\u00e7\u00e3o re\u00fanem de forma harmoniosa a moda e a representa\u00e7\u00e3o como a jovem. Vinda ao mundo em 1998, ainda menina alternou as sess\u00f5es e os sets. Aqui reunimos o fundamental da sua hist\u00f3ria dentro e fora do ecr\u00e3. ","protected":false},"author":1,"featured_media":0,"comment_status":"open","ping_status":"open","sticky":false,"template":"","format":"standard","meta":{"footnotes":""},"categories":[77],"tags":[],"class_list":["post-9965","post","type-post","status-publish","format-standard","hentry","category-blog"],"_links":{"self":[{"href":"https:\/\/erbilisitma.com\/index.php?rest_route=\/wp\/v2\/posts\/9965","targetHints":{"allow":["GET"]}}],"collection":[{"href":"https:\/\/erbilisitma.com\/index.php?rest_route=\/wp\/v2\/posts"}],"about":[{"href":"https:\/\/erbilisitma.com\/index.php?rest_route=\/wp\/v2\/types\/post"}],"author":[{"embeddable":true,"href":"https:\/\/erbilisitma.com\/index.php?rest_route=\/wp\/v2\/users\/1"}],"replies":[{"embeddable":true,"href":"https:\/\/erbilisitma.com\/index.php?rest_route=%2Fwp%2Fv2%2Fcomments&post=9965"}],"version-history":[{"count":1,"href":"https:\/\/erbilisitma.com\/index.php?rest_route=\/wp\/v2\/posts\/9965\/revisions"}],"predecessor-version":[{"id":9966,"href":"https:\/\/erbilisitma.com\/index.php?rest_route=\/wp\/v2\/posts\/9965\/revisions\/9966"}],"wp:attachment":[{"href":"https:\/\/erbilisitma.com\/index.php?rest_route=%2Fwp%2Fv2%2Fmedia&parent=9965"}],"wp:term":[{"taxonomy":"category","embeddable":true,"href":"https:\/\/erbilisitma.com\/index.php?rest_route=%2Fwp%2Fv2%2Fcategories&post=9965"},{"taxonomy":"post_tag","embeddable":true,"href":"https:\/\/erbilisitma.com\/index.php?rest_route=%2Fwp%2Fv2%2Ftags&post=9965"}],"curies":[{"name":"wp","href":"https:\/\/api.w.org\/{rel}","templated":true}]}}